{"id":9453,"date":"2026-09-03T11:48:35","date_gmt":"2026-09-03T09:48:35","guid":{"rendered":"https:\/\/fempowerment.se\/?p=9453"},"modified":"2026-09-03T11:51:01","modified_gmt":"2026-09-03T09:51:01","slug":"mans-vald-mot-kvinnor-maste-prioriteras-ocksa-i-budgeten","status":"publish","type":"post","link":"https:\/\/fempowerment.se\/ru\/mans-vald-mot-kvinnor-maste-prioriteras-ocksa-i-budgeten\/","title":{"rendered":"M\u00e4ns v\u00e5ld mot kvinnor m\u00e5ste prioriteras \u2013 ocks\u00e5 i budgeten"},"content":{"rendered":"\t\t<div data-elementor-type=\"wp-post\" data-elementor-id=\"9453\" class=\"elementor elementor-9453\" data-elementor-post-type=\"post\">\n\t\t\t\t\t\t\t\t\t<section class=\"elementor-section elementor-top-section elementor-element elementor-element-19df481 elementor-section-boxed elementor-section-height-default elementor-section-height-default\" data-id=\"19df481\" data-element_type=\"section\">\n\t\t\t\t\t\t<div class=\"elementor-container elementor-column-gap-default\">\n\t\t\t\t\t<div class=\"elementor-column elementor-col-100 elementor-top-column elementor-element elementor-element-6eb7143\" data-id=\"6eb7143\" data-element_type=\"column\">\n\t\t\t<div class=\"elementor-widget-wrap elementor-element-populated\">\n\t\t\t\t\t\t\t\t<div class=\"elementor-element elementor-element-fcc1ba2 elementor-widget elementor-widget-text-editor\" data-id=\"fcc1ba2\" data-element_type=\"widget\" data-widget_type=\"text-editor.default\">\n\t\t\t\t<div class=\"elementor-widget-container\">\n\t\t\t\t\t\t\t<p class=\"isSelectedEnd\"><strong>Inf\u00f6r valet 2026 g\u00e5r kvinno-, tjej- och ungdomsjourer i Stockholm samman med gemensamma krav p\u00e5 politiker och beslutsfattare. Vi kr\u00e4ver l\u00e5ngsiktiga f\u00f6ruts\u00e4ttningar f\u00f6r jourernas arbete, en h\u00f6gre politisk prioritering av m\u00e4ns v\u00e5ld mot kvinnor och hedersrelaterat v\u00e5ld och f\u00f6rtryck samt ett samh\u00e4lle d\u00e4r v\u00e5ldsutsatta f\u00e5r det st\u00f6d och skydd de har r\u00e4tt till \u2013 oavsett var de bor.<\/strong><\/p>\n<p class=\"isSelectedEnd\">Kvinno-, tjej- och ungdomsjourer \u00e4r en viktig del av samh\u00e4llets arbete mot v\u00e5ld. F\u00f6r m\u00e5nga v\u00e5ldsutsatta \u00e4r jouren en av de f\u00f6rsta platser d\u00e4r de v\u00e5gar ber\u00e4tta om sin situation och s\u00f6ka hj\u00e4lp.<\/p>\n<p class=\"isSelectedEnd\">En central del av jourernas arbete \u00e4r den <strong>\u00f6ppna st\u00f6dverksamheten<\/strong>. Genom bland annat st\u00f6dsamtal, juridisk r\u00e5dgivning, praktiskt st\u00f6d och andra tidiga insatser f\u00e5r v\u00e5ldsutsatta hj\u00e4lp att l\u00e4mna v\u00e5ldsamma relationer, bearbeta sina erfarenheter och \u00e5teruppbygga sina liv.<\/p>\n<p class=\"isSelectedEnd\">Den \u00f6ppna st\u00f6dverksamheten \u00e4r en l\u00e5gtr\u00f6skelverksamhet som kan ge st\u00f6d \u00e4ven till personer som av olika sk\u00e4l inte kan eller vill v\u00e4nda sig till myndigheter. Den fyller d\u00e4rmed en avg\u00f6rande funktion i samh\u00e4llets skyddsn\u00e4t.<\/p>\n<h2>Livsviktig verksamhet kr\u00e4ver l\u00e5ngsiktiga f\u00f6ruts\u00e4ttningar<\/h2>\n<p class=\"isSelectedEnd\">Trots jourernas samh\u00e4llsb\u00e4rande funktion pr\u00e4glas m\u00e5nga verksamheter av kortsiktiga bidrag, administrativt betungande processer och finansiering som inte motsvarar \u00f6kade kostnader och v\u00e4xande behov.<\/p>\n<p class=\"isSelectedEnd\">Den ekonomiska os\u00e4kerheten g\u00f6r det sv\u00e5rare att planera l\u00e5ngsiktigt, beh\u00e5lla kompetens och s\u00e4kerst\u00e4lla kontinuitet och tillg\u00e4nglighet f\u00f6r de v\u00e5ldsutsatta som s\u00f6ker st\u00f6d.<\/p>\n<p class=\"isSelectedEnd\">D\u00e4rf\u00f6r kr\u00e4ver Stockholmsjourerna bland annat att statliga och kommunala bidrag blir fler\u00e5riga, l\u00e5ngsiktiga och indexreglerade utifr\u00e5n kostnadsutvecklingen. Jourernas ordinarie st\u00f6dverksamhet m\u00e5ste finansieras l\u00e5ngsiktigt och inte vara beroende av kortsiktiga verksamhetsbidrag och tillf\u00e4lliga projektmedel. Beslut om finansiering beh\u00f6ver ocks\u00e5 fattas i god tid och med en bred politisk f\u00f6rankring, s\u00e5 att jourernas verksamhet inte blir beroende av enskilda mandatperioder eller f\u00f6r\u00e4ndrade budgetl\u00e4gen.<\/p>\n<h2>R\u00e4tten till st\u00f6d ska inte bero p\u00e5 var du bor<\/h2>\n<p class=\"isSelectedEnd\">M\u00e4ns v\u00e5ld mot kvinnor och hedersrelaterat v\u00e5ld och f\u00f6rtryck \u00e4r stora samh\u00e4llsproblem. Trots det varierar kommunernas arbete kraftigt och v\u00e5ldsutsattas tillg\u00e5ng till st\u00f6d p\u00e5verkas av var i landet de bor.<\/p>\n<p class=\"isSelectedEnd\">Det m\u00e5ste f\u00f6r\u00e4ndras. Vi kr\u00e4ver att arbetet mot m\u00e4ns v\u00e5ld mot kvinnor ges h\u00f6gre politisk prioritet p\u00e5 lokal, regional och nationell niv\u00e5. Kommunerna beh\u00f6ver st\u00e4rka samverkan med kvinno-, tjej- och ungdomsjourer och s\u00e4kerst\u00e4lla att alla v\u00e5ldsutsatta har tillg\u00e5ng till <strong>kostnadsfria, l\u00e4ttillg\u00e4ngliga och l\u00e5ngsiktigt finansierade \u00f6ppna st\u00f6dverksamheter<\/strong>.<br>Att m\u00e4ns v\u00e5ld mot kvinnor \u00e4r en prioriterad samh\u00e4llsfr\u00e5ga m\u00e5ste synas i praktiken \u2013 i politiska beslut, i samverkan och i hur resurser f\u00f6rdelas.<\/p>\n<h2>\u00d6ppen st\u00f6dverksamhet f\u00f6rebygger fortsatt v\u00e5ld<\/h2>\n<p class=\"isSelectedEnd\">Jourernas \u00f6ppna st\u00f6dverksamheter \u00e4r ocks\u00e5 en viktig del av det v\u00e5ldsf\u00f6rebyggande arbetet.<\/p>\n<p class=\"isSelectedEnd\">N\u00e4r en v\u00e5ldsutsatt f\u00e5r st\u00f6d att bryta en v\u00e5ldsam relation och skapa f\u00f6ruts\u00e4ttningar f\u00f6r ett liv fritt fr\u00e5n v\u00e5ld kan fortsatt och upprepat v\u00e5ld f\u00f6rebyggas. Samtidigt arbetar jourerna f\u00f6rebyggande genom utbildning, opinionsbildning, kunskapsh\u00f6jande insatser och samverkan med bland annat myndigheter, skolor och civilsamh\u00e4llet.<\/p>\n<p class=\"isSelectedEnd\">D\u00e4rf\u00f6r kr\u00e4ver vi ocks\u00e5 att kommuner och staten \u00f6ronm\u00e4rker resurser f\u00f6r jourernas v\u00e5ldsf\u00f6rebyggande arbete och att jourernas kompetens i st\u00f6rre utstr\u00e4ckning anv\u00e4nds i skolor, f\u00f6reningsliv, arbetsplatser och andra samh\u00e4llsarenor. Kunskap om v\u00e5ld, j\u00e4mst\u00e4lldhet, samtycke och sunda relationer beh\u00f6ver integreras i skolans arbete.<\/p>\n<h2>Fler krav inf\u00f6r valet 2026<\/h2>\n<p class=\"isSelectedEnd\">Den gemensamma kravlistan omfattar ocks\u00e5 omr\u00e5den d\u00e4r jourerna ser behov av tydliga politiska f\u00f6r\u00e4ndringar.<\/p>\n<p class=\"isSelectedEnd\">Vi kr\u00e4ver att <strong>barn och ungas r\u00e4tt till st\u00f6d och skydd st\u00e4rks<\/strong>. Barn som upplever v\u00e5ld \u00e4r brottsoffer och ska f\u00e5 tillg\u00e5ng till st\u00f6d av vuxna med dokumenterad kunskap om v\u00e5ld. Barn ska inte heller tvingas till umg\u00e4nge med en v\u00e5ldsut\u00f6vande f\u00f6r\u00e4lder eller v\u00e5rdnadshavare, och resurser beh\u00f6ver avs\u00e4ttas f\u00f6r f\u00f6rebyggande arbete riktat till barn och unga.<\/p>\n<p class=\"isSelectedEnd\">Vi kr\u00e4ver ocks\u00e5 att regeringen <strong>ser \u00f6ver f\u00f6rtalslagstiftningen ur ett j\u00e4mst\u00e4lldhets- och v\u00e5ldsperspektiv<\/strong>. V\u00e5ldsutsatta kvinnors m\u00f6jligheter att ber\u00e4tta om v\u00e5ld och \u00f6vergrepp beh\u00f6ver st\u00e4rkas och r\u00e4ttssystemet beh\u00f6ver ta st\u00f6rre h\u00e4nsyn till maktobalansen mellan v\u00e5ldsut\u00f6vare och v\u00e5ldsutsatta. Lagstiftningen ska inte kunna anv\u00e4ndas som ett verktyg f\u00f6r att tysta kvinnor som ber\u00e4ttar om sina erfarenheter.<\/p>\n<h2>V\u00e5ra fem gemensamma krav<\/h2>\n<p class=\"isSelectedEnd\">Inf\u00f6r valet 2026 kr\u00e4ver Stockholmsjourerna:<\/p>\n<p class=\"isSelectedEnd\"><strong>\u2022 S\u00e4kra l\u00e5ngsiktig och h\u00e5llbar finansiering f\u00f6r kvinno-, tjej- och ungdomsjourer<\/strong><br><strong>\u2022 G\u00f6r m\u00e4ns v\u00e5ld mot kvinnor och hedersrelaterat v\u00e5ld och f\u00f6rtryck till en nationellt prioriterad samh\u00e4llsfr\u00e5ga<\/strong><br><strong>\u2022 Investera i jourernas v\u00e5ldsf\u00f6rebyggande arbete och tidiga insatser<\/strong><br><strong>\u2022 St\u00e4rk barn och ungas r\u00e4ttigheter och tillg\u00e5ng till st\u00f6d och skydd<\/strong><br><strong>\u2022 Stoppa att f\u00f6rtalslagstiftningen anv\u00e4nds f\u00f6r att tysta v\u00e5ldsutsatta kvinnor<\/strong><\/p>\n<h2>Politisk prioritering m\u00e5ste f\u00f6ljas av resurser<\/h2>\n<p class=\"isSelectedEnd\">M\u00e4ns v\u00e5ld mot kvinnor kan inte vara en prioriterad samh\u00e4llsfr\u00e5ga enbart i ord. Prioriteringen m\u00e5ste ocks\u00e5 synas i politiska beslut och i hur samh\u00e4llets resurser f\u00f6rdelas.<\/p>\n<p class=\"isSelectedEnd\">F\u00f6r oss \u00e4r det s\u00e4rskilt viktigt att den \u00f6ppna st\u00f6dverksamhetens betydelse erk\u00e4nns. V\u00e5ldsutsatta beh\u00f6ver kunna s\u00f6ka kostnadsfritt och l\u00e4ttillg\u00e4ngligt st\u00f6d, \u00e4ven n\u00e4r de inte beh\u00f6ver eller har tillg\u00e5ng till skyddat boende. Det st\u00f6det m\u00e5ste finnas b\u00e5de i den akuta situationen och under den ofta l\u00e5nga v\u00e4gen mot ett liv fritt fr\u00e5n v\u00e5ld.<\/p>\n<p class=\"isSelectedEnd\">Inf\u00f6r valet 2026 kr\u00e4ver vi d\u00e4rf\u00f6r l\u00e5ngsiktiga politiska beslut som s\u00e4kerst\u00e4ller att jourerna kan forts\u00e4tta finnas d\u00e4r f\u00f6r v\u00e5ldsutsatta \u2013 idag, n\u00e4sta \u00e5r och efter n\u00e4sta mandatperiod.<\/p>\n<p class=\"isSelectedEnd\"><strong>V\u00e5ldsutsatta ska kunna lita p\u00e5 att st\u00f6det finns n\u00e4r de beh\u00f6ver det. Jourerna m\u00e5ste kunna lita p\u00e5 att vi har f\u00f6ruts\u00e4ttningar att finnas d\u00e4r.<\/strong><\/p>\n<p><strong>L\u00e4s Stockholmsjourernas fullst\u00e4ndiga krav inf\u00f6r valet 2026 i den bifogade kravlistan.<\/strong><\/p>\n<p>&gt;&gt;<a href=\"https:\/\/fempowerment.se\/wp-content\/uploads\/2026\/09\/Stockholmsjourernas-krav-infor-valet-2026-002.pdf\">Stockholmsjourernas krav inf\u00f6r valet 2026<\/a>&lt;&lt;<\/p>\t\t\t\t\t\t<\/div>\n\t\t\t\t<\/div>\n\t\t\t\t\t<\/div>\n\t\t<\/div>\n\t\t\t\t\t\t\t<\/div>\n\t\t<\/section>\n\t\t\t\t\t\t\t<\/div>\n\t\t","protected":false},"excerpt":{"rendered":"<p>Inf\u00f6r valet 2026 g\u00e5r kvinno-, tjej- och ungdomsjourer i Stockholm samman med gemensamma krav p\u00e5 politiker och beslutsfattare. Vi kr\u00e4ver l\u00e5ngsiktiga f\u00f6ruts\u00e4ttningar f\u00f6r jourernas arbete, en h\u00f6gre politisk prioritering av m\u00e4ns v\u00e5ld mot kvinnor och hedersrelaterat v\u00e5ld och f\u00f6rtryck samt ett samh\u00e4lle d\u00e4r v\u00e5ldsutsatta f\u00e5r det st\u00f6d och skydd de har r\u00e4tt till \u2013 oavsett [&hellip;]<\/p>\n","protected":false},"author":1,"featured_media":9454,"comment_status":"closed","ping_status":"open","sticky":false,"template":"","format":"standard","meta":[],"categories":[1],"tags":[],"yoast_head":"<!-- This site is optimized with the Yoast SEO plugin v20.13 - https:\/\/yoast.com\/wordpress\/plugins\/seo\/ -->\n<title>M\u00e4ns v\u00e5ld mot kvinnor m\u00e5ste prioriteras \u2013 ocks\u00e5 i budgeten - Fempowerment.se<\/title>\n<meta name=\"robots\" content=\"index, follow, max-snippet:-1, max-image-preview:large, max-video-preview:-1\" \/>\n<link rel=\"canonical\" href=\"https:\/\/fempowerment.se\/ru\/mans-vald-mot-kvinnor-maste-prioriteras-ocksa-i-budgeten\/\" \/>\n<meta property=\"og:locale\" content=\"ru_RU\" \/>\n<meta property=\"og:type\" content=\"article\" \/>\n<meta property=\"og:title\" content=\"M\u00e4ns v\u00e5ld mot kvinnor m\u00e5ste prioriteras \u2013 ocks\u00e5 i budgeten - Fempowerment.se\" \/>\n<meta property=\"og:description\" content=\"Inf\u00f6r valet 2026 g\u00e5r kvinno-, tjej- och ungdomsjourer i Stockholm samman med gemensamma krav p\u00e5 politiker och beslutsfattare. Vi kr\u00e4ver l\u00e5ngsiktiga f\u00f6ruts\u00e4ttningar f\u00f6r jourernas arbete, en h\u00f6gre politisk prioritering av m\u00e4ns v\u00e5ld mot kvinnor och hedersrelaterat v\u00e5ld och f\u00f6rtryck samt ett samh\u00e4lle d\u00e4r v\u00e5ldsutsatta f\u00e5r det st\u00f6d och skydd de har r\u00e4tt till \u2013 oavsett [&hellip;]\" \/>\n<meta property=\"og:url\" content=\"https:\/\/fempowerment.se\/ru\/mans-vald-mot-kvinnor-maste-prioriteras-ocksa-i-budgeten\/\" \/>\n<meta property=\"og:site_name\" content=\"Fempowerment.se\" \/>\n<meta property=\"article:published_time\" content=\"2026-09-03T09:48:35+00:00\" \/>\n<meta property=\"article:modified_time\" content=\"2026-09-03T09:51:01+00:00\" \/>\n<meta property=\"og:image\" content=\"https:\/\/fempowerment.se\/wp-content\/uploads\/2026\/09\/CHATT-28-e1788428470422.png\" \/>\n\t<meta property=\"og:image:width\" content=\"1080\" \/>\n\t<meta property=\"og:image:height\" content=\"999\" \/>\n\t<meta property=\"og:image:type\" content=\"image\/png\" \/>\n<meta name=\"author\" content=\"admin\" \/>\n<meta name=\"twitter:card\" content=\"summary_large_image\" \/>\n<meta name=\"twitter:label1\" content=\"\u041d\u0430\u043f\u0438\u0441\u0430\u043d\u043e \u0430\u0432\u0442\u043e\u0440\u043e\u043c\" \/>\n\t<meta name=\"twitter:data1\" content=\"admin\" \/>\n\t<meta name=\"twitter:label2\" content=\"\u041f\u0440\u0438\u043c\u0435\u0440\u043d\u043e\u0435 \u0432\u0440\u0435\u043c\u044f \u0434\u043b\u044f \u0447\u0442\u0435\u043d\u0438\u044f\" \/>\n\t<meta name=\"twitter:data2\" content=\"4 \u043c\u0438\u043d\u0443\u0442\u044b\" \/>\n<script type=\"application\/ld+json\" class=\"yoast-schema-graph\">{\"@context\":\"https:\/\/schema.org\",\"@graph\":[{\"@type\":\"Article\",\"@id\":\"https:\/\/fempowerment.se\/ru\/mans-vald-mot-kvinnor-maste-prioriteras-ocksa-i-budgeten\/#article\",\"isPartOf\":{\"@id\":\"https:\/\/fempowerment.se\/ru\/mans-vald-mot-kvinnor-maste-prioriteras-ocksa-i-budgeten\/\"},\"author\":{\"name\":\"admin\",\"@id\":\"https:\/\/fempowerment.se\/ru\/#\/schema\/person\/6a27e68db17d24b531abdf6240a48639\"},\"headline\":\"M\u00e4ns v\u00e5ld mot kvinnor m\u00e5ste prioriteras \u2013 ocks\u00e5 i budgeten\",\"datePublished\":\"2026-09-03T09:48:35+00:00\",\"dateModified\":\"2026-09-03T09:51:01+00:00\",\"mainEntityOfPage\":{\"@id\":\"https:\/\/fempowerment.se\/ru\/mans-vald-mot-kvinnor-maste-prioriteras-ocksa-i-budgeten\/\"},\"wordCount\":1109,\"publisher\":{\"@id\":\"https:\/\/fempowerment.se\/ru\/#organization\"},\"articleSection\":[\"Okategoriserad\"],\"inLanguage\":\"ru-RU\"},{\"@type\":\"WebPage\",\"@id\":\"https:\/\/fempowerment.se\/ru\/mans-vald-mot-kvinnor-maste-prioriteras-ocksa-i-budgeten\/\",\"url\":\"https:\/\/fempowerment.se\/ru\/mans-vald-mot-kvinnor-maste-prioriteras-ocksa-i-budgeten\/\",\"name\":\"M\u00e4ns v\u00e5ld mot kvinnor m\u00e5ste prioriteras \u2013 ocks\u00e5 i budgeten - Fempowerment.se\",\"isPartOf\":{\"@id\":\"https:\/\/fempowerment.se\/ru\/#website\"},\"datePublished\":\"2026-09-03T09:48:35+00:00\",\"dateModified\":\"2026-09-03T09:51:01+00:00\",\"breadcrumb\":{\"@id\":\"https:\/\/fempowerment.se\/ru\/mans-vald-mot-kvinnor-maste-prioriteras-ocksa-i-budgeten\/#breadcrumb\"},\"inLanguage\":\"ru-RU\",\"potentialAction\":[{\"@type\":\"ReadAction\",\"target\":[\"https:\/\/fempowerment.se\/ru\/mans-vald-mot-kvinnor-maste-prioriteras-ocksa-i-budgeten\/\"]}]},{\"@type\":\"BreadcrumbList\",\"@id\":\"https:\/\/fempowerment.se\/ru\/mans-vald-mot-kvinnor-maste-prioriteras-ocksa-i-budgeten\/#breadcrumb\",\"itemListElement\":[{\"@type\":\"ListItem\",\"position\":1,\"name\":\"Hem\",\"item\":\"https:\/\/fempowerment.se\/ru\/\"},{\"@type\":\"ListItem\",\"position\":2,\"name\":\"M\u00e4ns v\u00e5ld mot kvinnor m\u00e5ste prioriteras \u2013 ocks\u00e5 i budgeten\"}]},{\"@type\":\"WebSite\",\"@id\":\"https:\/\/fempowerment.se\/ru\/#website\",\"url\":\"https:\/\/fempowerment.se\/ru\/\",\"name\":\"Fempowerment.se\",\"description\":\"Kvinno- och st\u00f6djouren Fempowerment st\u00f6djer, hj\u00e4lper och erbjuder gratis juridisk r\u00e5dgivning p\u00e5 olika spr\u00e5k till v\u00e5ldsutsatta kvinnor, tjejer och ickebin\u00e4ra.\",\"publisher\":{\"@id\":\"https:\/\/fempowerment.se\/ru\/#organization\"},\"potentialAction\":[{\"@type\":\"SearchAction\",\"target\":{\"@type\":\"EntryPoint\",\"urlTemplate\":\"https:\/\/fempowerment.se\/ru\/?s={search_term_string}\"},\"query-input\":\"required name=search_term_string\"}],\"inLanguage\":\"ru-RU\"},{\"@type\":\"Organization\",\"@id\":\"https:\/\/fempowerment.se\/ru\/#organization\",\"name\":\"Fempowerment.se\",\"url\":\"https:\/\/fempowerment.se\/ru\/\",\"logo\":{\"@type\":\"ImageObject\",\"inLanguage\":\"ru-RU\",\"@id\":\"https:\/\/fempowerment.se\/ru\/#\/schema\/logo\/image\/\",\"url\":\"https:\/\/fempowerment.se\/wp-content\/uploads\/2019\/12\/Fpower_3_vit-1-e1576083389343.png\",\"contentUrl\":\"https:\/\/fempowerment.se\/wp-content\/uploads\/2019\/12\/Fpower_3_vit-1-e1576083389343.png\",\"width\":263,\"height\":36,\"caption\":\"Fempowerment.se\"},\"image\":{\"@id\":\"https:\/\/fempowerment.se\/ru\/#\/schema\/logo\/image\/\"}},{\"@type\":\"Person\",\"@id\":\"https:\/\/fempowerment.se\/ru\/#\/schema\/person\/6a27e68db17d24b531abdf6240a48639\",\"name\":\"admin\",\"image\":{\"@type\":\"ImageObject\",\"inLanguage\":\"ru-RU\",\"@id\":\"https:\/\/fempowerment.se\/ru\/#\/schema\/person\/image\/\",\"url\":\"https:\/\/secure.gravatar.com\/avatar\/a9b36cfbf9aa024bd508c87352c8add8?s=96&d=mm&r=g\",\"contentUrl\":\"https:\/\/secure.gravatar.com\/avatar\/a9b36cfbf9aa024bd508c87352c8add8?s=96&d=mm&r=g\",\"caption\":\"admin\"},\"url\":\"https:\/\/fempowerment.se\/ru\/author\/admin\/\"}]}<\/script>\n<!-- \/ Yoast SEO plugin. -->","yoast_head_json":{"title":"M\u00e4ns v\u00e5ld mot kvinnor m\u00e5ste prioriteras \u2013 ocks\u00e5 i budgeten - Fempowerment.se","robots":{"index":"index","follow":"follow","max-snippet":"max-snippet:-1","max-image-preview":"max-image-preview:large","max-video-preview":"max-video-preview:-1"},"canonical":"https:\/\/fempowerment.se\/ru\/mans-vald-mot-kvinnor-maste-prioriteras-ocksa-i-budgeten\/","og_locale":"ru_RU","og_type":"article","og_title":"M\u00e4ns v\u00e5ld mot kvinnor m\u00e5ste prioriteras \u2013 ocks\u00e5 i budgeten - Fempowerment.se","og_description":"Inf\u00f6r valet 2026 g\u00e5r kvinno-, tjej- och ungdomsjourer i Stockholm samman med gemensamma krav p\u00e5 politiker och beslutsfattare. Vi kr\u00e4ver l\u00e5ngsiktiga f\u00f6ruts\u00e4ttningar f\u00f6r jourernas arbete, en h\u00f6gre politisk prioritering av m\u00e4ns v\u00e5ld mot kvinnor och hedersrelaterat v\u00e5ld och f\u00f6rtryck samt ett samh\u00e4lle d\u00e4r v\u00e5ldsutsatta f\u00e5r det st\u00f6d och skydd de har r\u00e4tt till \u2013 oavsett [&hellip;]","og_url":"https:\/\/fempowerment.se\/ru\/mans-vald-mot-kvinnor-maste-prioriteras-ocksa-i-budgeten\/","og_site_name":"Fempowerment.se","article_published_time":"2026-09-03T09:48:35+00:00","article_modified_time":"2026-09-03T09:51:01+00:00","og_image":[{"width":1080,"height":999,"url":"https:\/\/fempowerment.se\/wp-content\/uploads\/2026\/09\/CHATT-28-e1788428470422.png","type":"image\/png"}],"author":"admin","twitter_card":"summary_large_image","twitter_misc":{"\u041d\u0430\u043f\u0438\u0441\u0430\u043d\u043e \u0430\u0432\u0442\u043e\u0440\u043e\u043c":"admin","\u041f\u0440\u0438\u043c\u0435\u0440\u043d\u043e\u0435 \u0432\u0440\u0435\u043c\u044f \u0434\u043b\u044f \u0447\u0442\u0435\u043d\u0438\u044f":"4 \u043c\u0438\u043d\u0443\u0442\u044b"},"schema":{"@context":"https:\/\/schema.org","@graph":[{"@type":"Article","@id":"https:\/\/fempowerment.se\/ru\/mans-vald-mot-kvinnor-maste-prioriteras-ocksa-i-budgeten\/#article","isPartOf":{"@id":"https:\/\/fempowerment.se\/ru\/mans-vald-mot-kvinnor-maste-prioriteras-ocksa-i-budgeten\/"},"author":{"name":"admin","@id":"https:\/\/fempowerment.se\/ru\/#\/schema\/person\/6a27e68db17d24b531abdf6240a48639"},"headline":"M\u00e4ns v\u00e5ld mot kvinnor m\u00e5ste prioriteras \u2013 ocks\u00e5 i budgeten","datePublished":"2026-09-03T09:48:35+00:00","dateModified":"2026-09-03T09:51:01+00:00","mainEntityOfPage":{"@id":"https:\/\/fempowerment.se\/ru\/mans-vald-mot-kvinnor-maste-prioriteras-ocksa-i-budgeten\/"},"wordCount":1109,"publisher":{"@id":"https:\/\/fempowerment.se\/ru\/#organization"},"articleSection":["Okategoriserad"],"inLanguage":"ru-RU"},{"@type":"WebPage","@id":"https:\/\/fempowerment.se\/ru\/mans-vald-mot-kvinnor-maste-prioriteras-ocksa-i-budgeten\/","url":"https:\/\/fempowerment.se\/ru\/mans-vald-mot-kvinnor-maste-prioriteras-ocksa-i-budgeten\/","name":"M\u00e4ns v\u00e5ld mot kvinnor m\u00e5ste prioriteras \u2013 ocks\u00e5 i budgeten - Fempowerment.se","isPartOf":{"@id":"https:\/\/fempowerment.se\/ru\/#website"},"datePublished":"2026-09-03T09:48:35+00:00","dateModified":"2026-09-03T09:51:01+00:00","breadcrumb":{"@id":"https:\/\/fempowerment.se\/ru\/mans-vald-mot-kvinnor-maste-prioriteras-ocksa-i-budgeten\/#breadcrumb"},"inLanguage":"ru-RU","potentialAction":[{"@type":"ReadAction","target":["https:\/\/fempowerment.se\/ru\/mans-vald-mot-kvinnor-maste-prioriteras-ocksa-i-budgeten\/"]}]},{"@type":"BreadcrumbList","@id":"https:\/\/fempowerment.se\/ru\/mans-vald-mot-kvinnor-maste-prioriteras-ocksa-i-budgeten\/#breadcrumb","itemListElement":[{"@type":"ListItem","position":1,"name":"Hem","item":"https:\/\/fempowerment.se\/ru\/"},{"@type":"ListItem","position":2,"name":"M\u00e4ns v\u00e5ld mot kvinnor m\u00e5ste prioriteras \u2013 ocks\u00e5 i budgeten"}]},{"@type":"WebSite","@id":"https:\/\/fempowerment.se\/ru\/#website","url":"https:\/\/fempowerment.se\/ru\/","name":"Fempowerment.se","description":"Kvinno- och st\u00f6djouren Fempowerment st\u00f6djer, hj\u00e4lper och erbjuder gratis juridisk r\u00e5dgivning p\u00e5 olika spr\u00e5k till v\u00e5ldsutsatta kvinnor, tjejer och ickebin\u00e4ra.","publisher":{"@id":"https:\/\/fempowerment.se\/ru\/#organization"},"potentialAction":[{"@type":"SearchAction","target":{"@type":"EntryPoint","urlTemplate":"https:\/\/fempowerment.se\/ru\/?s={search_term_string}"},"query-input":"required name=search_term_string"}],"inLanguage":"ru-RU"},{"@type":"Organization","@id":"https:\/\/fempowerment.se\/ru\/#organization","name":"Fempowerment.se","url":"https:\/\/fempowerment.se\/ru\/","logo":{"@type":"ImageObject","inLanguage":"ru-RU","@id":"https:\/\/fempowerment.se\/ru\/#\/schema\/logo\/image\/","url":"https:\/\/fempowerment.se\/wp-content\/uploads\/2019\/12\/Fpower_3_vit-1-e1576083389343.png","contentUrl":"https:\/\/fempowerment.se\/wp-content\/uploads\/2019\/12\/Fpower_3_vit-1-e1576083389343.png","width":263,"height":36,"caption":"Fempowerment.se"},"image":{"@id":"https:\/\/fempowerment.se\/ru\/#\/schema\/logo\/image\/"}},{"@type":"Person","@id":"https:\/\/fempowerment.se\/ru\/#\/schema\/person\/6a27e68db17d24b531abdf6240a48639","name":"admin","image":{"@type":"ImageObject","inLanguage":"ru-RU","@id":"https:\/\/fempowerment.se\/ru\/#\/schema\/person\/image\/","url":"https:\/\/secure.gravatar.com\/avatar\/a9b36cfbf9aa024bd508c87352c8add8?s=96&d=mm&r=g","contentUrl":"https:\/\/secure.gravatar.com\/avatar\/a9b36cfbf9aa024bd508c87352c8add8?s=96&d=mm&r=g","caption":"admin"},"url":"https:\/\/fempowerment.se\/ru\/author\/admin\/"}]}},"_links":{"self":[{"href":"https:\/\/fempowerment.se\/ru\/wp-json\/wp\/v2\/posts\/9453"}],"collection":[{"href":"https:\/\/fempowerment.se\/ru\/wp-json\/wp\/v2\/posts"}],"about":[{"href":"https:\/\/fempowerment.se\/ru\/wp-json\/wp\/v2\/types\/post"}],"author":[{"embeddable":true,"href":"https:\/\/fempowerment.se\/ru\/wp-json\/wp\/v2\/users\/1"}],"replies":[{"embeddable":true,"href":"https:\/\/fempowerment.se\/ru\/wp-json\/wp\/v2\/comments?post=9453"}],"version-history":[{"count":5,"href":"https:\/\/fempowerment.se\/ru\/wp-json\/wp\/v2\/posts\/9453\/revisions"}],"predecessor-version":[{"id":9472,"href":"https:\/\/fempowerment.se\/ru\/wp-json\/wp\/v2\/posts\/9453\/revisions\/9472"}],"wp:featuredmedia":[{"embeddable":true,"href":"https:\/\/fempowerment.se\/ru\/wp-json\/wp\/v2\/media\/9454"}],"wp:attachment":[{"href":"https:\/\/fempowerment.se\/ru\/wp-json\/wp\/v2\/media?parent=9453"}],"wp:term":[{"taxonomy":"category","embeddable":true,"href":"https:\/\/fempowerment.se\/ru\/wp-json\/wp\/v2\/categories?post=9453"},{"taxonomy":"post_tag","embeddable":true,"href":"https:\/\/fempowerment.se\/ru\/wp-json\/wp\/v2\/tags?post=9453"}],"curies":[{"name":"wp","href":"https:\/\/api.w.org\/{rel}","templated":true}]}}